{"id":4731,"date":"2017-03-07T15:21:43","date_gmt":"2017-03-07T14:21:43","guid":{"rendered":"https:\/\/www.poljinos.hr\/posjet-turske-udruge-sjemenara-i-proizvodaca-poljoprivrednom-institutu-osijek\/"},"modified":"2022-06-07T15:25:33","modified_gmt":"2022-06-07T13:25:33","slug":"visit-from-the-turkish-union-of-seed-industrialists-and-producers-at-the-agricultural-institute-osijek","status":"publish","type":"post","link":"https:\/\/www.poljinos.hr\/en\/visit-from-the-turkish-union-of-seed-industrialists-and-producers-at-the-agricultural-institute-osijek\/","title":{"rendered":"VISIT FROM THE TURKISH UNION OF SEED INDUSTRIALISTS AND PRODUCERS AT THE AGRICULTURAL INSTITUTE OSIJEK"},"content":{"rendered":"<p>On Tuesday, February 21, 2017, the Agricultural Institute Osijek was visited by the Sub Union of Turkish Seed Industrialists and Producers (TS\u0170AB \u2013 Sub Union of Turkish Seed Industrialist and Producers) as part of the project \u201cDevelopment of the Seed Production and Processing Sector in Eastern Anatolia, South-Eastern Anatolia and Eastern Mediterranean\u201d.<\/p>\n<p>The primary task of the mentioned union is the representation of the Turkish seed industry and the implementation of the Turkish legislature with the legislature of the European Union in the sector of seed production, protection, and processing.<\/p>\n<p>In a cordial atmosphere, the representatives of the Agricultural Institute Osijek, the Director, izv.prof.dr.sc. Zvonimir Zduni\u0107, and the representatives from the processing and production departments, received the Turkish delegation, which consisted of 18 entrepreneurs, the representatives of Turkish companies.<\/p>\n<p>After the words of greeting and a short presentation about the Agricultural Institute Osijek by the Director, there were presentations of plant breeding programmes and the production departments of the Agricultural Institute Osijek.<\/p>\n<p>The particularly formal part of the gathering was the signing of the Mutual Understanding Memorandum between the Sub Union of Turkish Seed Industrialists and Producers \u201cTS\u0170AB\u201d and the Croatian association \u201cHrvatsko sjeme\u201d (Croatian Seed). The Memorandum was signed by the Vice-President of \u201cTS\u0170AB\u201d, Mr. Y\u0131ld\u0131ray GEN\u00c7ER and the President of the association \u201cHrvatsko sjeme\u201d, dr.sc. Luka Andri\u0107.<\/p>\n","protected":false},"excerpt":{"rendered":"<p>On Tuesday, February 21, 2017, the Agricultural Institute Osijek was visited by the Sub Union of Turkish Seed Industrialists and Producers (TS\u0170AB \u2013 Sub Union of Turkish Seed Industrialist and Producers) as part of the project \u201cDevelopment of the Seed Production and Processing Sector in Eastern Anatolia, South-Eastern Anatolia and Eastern Mediterranean\u201d. The primary task [&hellip;]<\/p>\n","protected":false},"author":1,"featured_media":0,"comment_status":"closed","ping_status":"closed","sticky":false,"template":"","format":"standard","meta":{"_acf_changed":false,"footnotes":""},"categories":[60],"tags":[],"class_list":["post-4731","post","type-post","status-publish","format-standard","hentry","category-news"],"acf":[],"_links":{"self":[{"href":"https:\/\/www.poljinos.hr\/en\/wp-json\/wp\/v2\/posts\/4731","targetHints":{"allow":["GET"]}}],"collection":[{"href":"https:\/\/www.poljinos.hr\/en\/wp-json\/wp\/v2\/posts"}],"about":[{"href":"https:\/\/www.poljinos.hr\/en\/wp-json\/wp\/v2\/types\/post"}],"author":[{"embeddable":true,"href":"https:\/\/www.poljinos.hr\/en\/wp-json\/wp\/v2\/users\/1"}],"replies":[{"embeddable":true,"href":"https:\/\/www.poljinos.hr\/en\/wp-json\/wp\/v2\/comments?post=4731"}],"version-history":[{"count":1,"href":"https:\/\/www.poljinos.hr\/en\/wp-json\/wp\/v2\/posts\/4731\/revisions"}],"predecessor-version":[{"id":4732,"href":"https:\/\/www.poljinos.hr\/en\/wp-json\/wp\/v2\/posts\/4731\/revisions\/4732"}],"wp:attachment":[{"href":"https:\/\/www.poljinos.hr\/en\/wp-json\/wp\/v2\/media?parent=4731"}],"wp:term":[{"taxonomy":"category","embeddable":true,"href":"https:\/\/www.poljinos.hr\/en\/wp-json\/wp\/v2\/categories?post=4731"},{"taxonomy":"post_tag","embeddable":true,"href":"https:\/\/www.poljinos.hr\/en\/wp-json\/wp\/v2\/tags?post=4731"}],"curies":[{"name":"wp","href":"https:\/\/api.w.org\/{rel}","templated":true}]}}